{"id":1000,"date":"2026-07-27T02:52:00","date_gmt":"2026-07-27T02:52:00","guid":{"rendered":"https:\/\/wordpress.luzerner-taxi.ch\/?p=1000"},"modified":"2026-07-27T11:56:02","modified_gmt":"2026-07-27T11:56:02","slug":"ausfluege-luzern-mit-dem-taxi","status":"publish","type":"post","link":"https:\/\/wordpress.luzerner-taxi.ch\/en\/ausfluege-luzern-mit-dem-taxi\/","title":{"rendered":"Ausfl\u00fcge Luzern mit dem Taxi: Ziele am See und in den Bergen"},"content":{"rendered":"<p class=\"wp-block-paragraph\">Rund um Luzern liegen See und Berge nah beieinander. Viele der sch\u00f6nsten Ziele sind in kurzer Zeit erreichbar. Mit dem Taxi kommen Sie flexibel und ohne Umsteigen dorthin.<\/p>\n\n\n\n<p class=\"wp-block-paragraph\">Dieser Beitrag zeigt, warum sich Ausfl\u00fcge Luzern mit dem Taxi lohnen. Dazu gibt er einen \u00dcberblick \u00fcber Ziele am See und in den Bergen.<\/p>\n\n\n\n<h2 class=\"wp-block-heading\">Warum sich Ausfl\u00fcge Luzern mit dem Taxi lohnen<\/h2>\n\n\n\n<p class=\"wp-block-paragraph\">Ein Ausflug ist am sch\u00f6nsten, wenn der Weg dorthin keine M\u00fche macht. Genau hier spielt das Taxi seine St\u00e4rke aus.<\/p>\n\n\n\n<p class=\"wp-block-paragraph\">Sie bestimmen den Zeitpunkt selbst und sind nicht an einen Fahrplan gebunden. Die Fahrt geht von der Haust\u00fcr direkt zum Ziel, ohne Umstieg und ohne Parkplatzsuche.<\/p>\n\n\n\n<p class=\"wp-block-paragraph\">Besonders praktisch ist das in diesen F\u00e4llen:<\/p>\n\n\n\n<ul class=\"wp-block-list\">\n<li>wenn Sie mehrere Ziele an einem Tag verbinden m\u00f6chten<\/li>\n\n\n\n<li>wenn Sie mit Gep\u00e4ck oder Ausr\u00fcstung unterwegs sind<\/li>\n\n\n\n<li>wenn Sie <a href=\"https:\/\/luzerner-taxi.ch\/blog\/grosstaxi-luzern\">in einer gr\u00f6sseren Gruppe<\/a> reisen<\/li>\n\n\n\n<li>wenn ein Ziel mit dem \u00f6ffentlichen Verkehr umst\u00e4ndlich zu erreichen ist<\/li>\n<\/ul>\n\n\n\n<p class=\"wp-block-paragraph\">So bleibt mehr Zeit f\u00fcr den Ausflug selbst und weniger f\u00fcr die Organisation. Und w\u00e4hrend der Fahrt k\u00f6nnen Sie sich in Ruhe auf das Ziel freuen, statt sich um den Weg zu k\u00fcmmern.<\/p>\n\n\n\n<h2 class=\"wp-block-heading\">Ziele am See<\/h2>\n\n\n\n<p class=\"wp-block-paragraph\">Der Vierwaldst\u00e4ttersee pr\u00e4gt die Region. An seinen Ufern liegen Orte, die sich gut f\u00fcr einen Ausflug eignen.<\/p>\n\n\n\n<ul class=\"wp-block-list\">\n<li>B\u00fcrgenstock: hoch \u00fcber dem See, mit weiten Ausblicken und einem ruhigen Rahmen<\/li>\n\n\n\n<li>Weggis und Vitznau: zwei Orte am Wasser am Fuss der Rigi<\/li>\n\n\n\n<li>Hergiswil: ein Ziel direkt am See und nah an der Stadt<\/li>\n<\/ul>\n\n\n\n<p class=\"wp-block-paragraph\">Mit dem Taxi fahren Sie <a href=\"https:\/\/luzerner-taxi.ch\/services\/city-local-trips\">direkt an diese Orte<\/a>, ohne auf ein Schiff oder einen Bus zu warten. Das lohnt sich vor allem, wenn Sie den Tag frei einteilen m\u00f6chten. Auch f\u00fcr den R\u00fcckweg am Abend sind Sie so unabh\u00e4ngig.<\/p>\n\n\n\n<h2 class=\"wp-block-heading\">Ziele in den Bergen<\/h2>\n\n\n\n<p class=\"wp-block-paragraph\">Die Berge rund um Luzern sind schnell erreichbar. Viele Gipfel lassen sich mit Bahnen und Seilbahnen erschliessen, und das Taxi bringt Sie bequem zum Ausgangspunkt.<\/p>\n\n\n\n<ul class=\"wp-block-list\">\n<li>Pilatus: der Hausberg von Luzern und ein Klassiker f\u00fcr einen Ausflug<\/li>\n\n\n\n<li>Rigi: bekannt als K\u00f6nigin der Berge, mit Blick \u00fcber den See<\/li>\n\n\n\n<li><a href=\"https:\/\/luzerner-taxi.ch\/blog\/taxi-engelberg\">Engelberg<\/a> mit dem Titlis: Bergdorf und Gipfel in einem<\/li>\n\n\n\n<li>Andermatt: etwas weiter entfernt, ideal f\u00fcr einen l\u00e4ngeren Tag<\/li>\n<\/ul>\n\n\n\n<p class=\"wp-block-paragraph\">Wichtig zu wissen: Auf viele Gipfel f\u00fchrt keine Strasse. Das Taxi bringt Sie zur Talstation oder zum Ausgangspunkt, von dort \u00fcbernehmen die Bergbahnen. Gerade <a href=\"https:\/\/luzerner-taxi.ch\/services\/ski-resort-transfers\">mit Ausr\u00fcstung<\/a> ist die direkte Fahrt bis zum Startpunkt angenehm, und Sie sparen sich das Umsteigen mit vollem Gep\u00e4ck.<\/p>\n\n\n\n<h2 class=\"wp-block-heading\">Mehrere Ziele an einem Tag verbinden<\/h2>\n\n\n\n<p class=\"wp-block-paragraph\">Der gr\u00f6sste Vorteil eines Taxis zeigt sich, wenn ein Tag mehrere Stationen hat. Ein Blick auf den See am Morgen, ein Berg am Nachmittag und ein Essen dazwischen lassen sich frei planen.<\/p>\n\n\n\n<p class=\"wp-block-paragraph\">Mit dem \u00f6ffentlichen Verkehr w\u00e4re das oft ein Puzzle aus Anschl\u00fcssen. Mit einem Taxi fahren Sie von Ziel zu Ziel, ohne Wartezeit dazwischen. So passt der Tag zu Ihrem Tempo, nicht umgekehrt.<\/p>\n\n\n\n<h2 class=\"wp-block-heading\">F\u00fcr jede Jahreszeit ein Ziel<\/h2>\n\n\n\n<p class=\"wp-block-paragraph\">Die Region bietet das ganze Jahr \u00fcber lohnende Ausfl\u00fcge. Im Sommer stehen der See und die Wanderwege im Vordergrund. Im Herbst reizen die Farben und die klare Sicht von den H\u00f6hen.<\/p>\n\n\n\n<p class=\"wp-block-paragraph\">Im Winter locken die verschneiten Berge, und im Fr\u00fchling erwacht die Landschaft rund um den See. Wer flexibel unterwegs ist, findet zu jeder Zeit ein passendes Ziel.<\/p>\n\n\n\n<h2 class=\"wp-block-heading\">Das passende Fahrzeug f\u00fcr den Ausflug<\/h2>\n\n\n\n<p class=\"wp-block-paragraph\">Zu einem Ausflug geh\u00f6rt das passende Fahrzeug. F\u00fcr zwei oder drei Personen reicht ein normaler Wagen. F\u00fcr eine Familie oder Freunde mit Gep\u00e4ck bietet ein gr\u00f6sseres Fahrzeug mehr Platz.<\/p>\n\n\n\n<p class=\"wp-block-paragraph\">Die Auswahl reicht bis zum <a href=\"https:\/\/luzerner-taxi.ch\/minibus\">Minibus f\u00fcr bis zu acht Mitfahrende<\/a>. Wer die Zahl der Personen und das Gep\u00e4ck bei der Buchung nennt, erh\u00e4lt von Anfang an das richtige Fahrzeug und muss unterwegs nichts umstellen.<\/p>\n\n\n\n<h2 class=\"wp-block-heading\">Die Fahrt im Voraus planen<\/h2>\n\n\n\n<p class=\"wp-block-paragraph\">Ein Ausflug wird entspannter, wenn die Fahrt im Voraus feststeht. Legen Sie den Startpunkt, die Ziele und die ungef\u00e4hren Zeiten fr\u00fch fest.<\/p>\n\n\n\n<p class=\"wp-block-paragraph\">Nennen Sie bei der Buchung die Zahl der Mitfahrenden und das Gep\u00e4ck. Fragen Sie die ungef\u00e4hre Fahrzeit und <a href=\"https:\/\/luzerner-taxi.ch\/blog\/so-entstehen-taxi-preise-schweiz\">den Preis<\/a> gleich mit an, dann wissen Sie von Anfang an, woran Sie sind. Denken Sie auch an die R\u00fcckfahrt, damit der Tag ruhig ausklingt.<\/p>\n\n\n\n<h2 class=\"wp-block-heading\">Ihr Taxi f\u00fcr Ausfl\u00fcge rund um Luzern<\/h2>\n\n\n\n<p class=\"wp-block-paragraph\">Planen Sie einen Ausflug am See oder in den Bergen? Luzerner Taxi bringt Sie flexibel und bequem ans Ziel, f\u00fcr einen einzelnen Ort oder einen Tag mit mehreren Stationen. Mit Fahrzeugen f\u00fcr jede Gruppengr\u00f6sse und Platz f\u00fcr Gep\u00e4ck sind Sie gut unterwegs.<\/p>\n\n\n\n<p class=\"wp-block-paragraph\">Buchen Sie Ihre Fahrt \u00fcber <a href=\"https:\/\/luzerner-taxi.ch\/blog\/taxi-luzern-app\">die App<\/a>, online oder telefonisch unter +41 41 558 89 89 und starten Sie entspannt in den Tag.<\/p>","protected":false},"excerpt":{"rendered":"<p>Rund um Luzern liegen See und Berge nah beieinander. Viele der sch\u00f6nsten Ziele sind in kurzer Zeit erreichbar. Mit dem Taxi kommen Sie flexibel und ohne Umsteigen dorthin. Dieser Beitrag zeigt, warum sich Ausfl\u00fcge Luzern mit dem Taxi lohnen. Dazu gibt er einen \u00dcberblick \u00fcber Ziele am See und in den Bergen. Warum sich Ausfl\u00fcge [&hellip;]<\/p>\n","protected":false},"author":3,"featured_media":1001,"comment_status":"open","ping_status":"open","sticky":false,"template":"","format":"standard","meta":{"_acf_changed":false,"_yoast_wpseo_title":"Ausfl\u00fcge Luzern mit dem Taxi: Ziele am See und Berg","_yoast_wpseo_metadesc":"Ausfl\u00fcge Luzern mit dem Taxi: Ziele am See und in den Bergen, flexibel und ohne Umsteigen. So planen Sie Ihren Ausflug entspannt.","rank_math_title":"","rank_math_description":"","footnotes":""},"categories":[1],"tags":[],"language":[3],"class_list":["post-1000","post","type-post","status-publish","format-standard","has-post-thumbnail","hentry","category-uncategorized","language-de"],"acf":[],"yoast_head":"<!-- This site is optimized with the Yoast SEO plugin v26.3 - https:\/\/yoast.com\/wordpress\/plugins\/seo\/ -->\n<title>Ausfl\u00fcge Luzern mit dem Taxi: Ziele am See und Berg<\/title>\n<meta name=\"description\" content=\"Ausfl\u00fcge Luzern mit dem Taxi: Ziele am See und in den Bergen, flexibel und ohne Umsteigen. So planen Sie Ihren Ausflug entspannt.\" \/>\n<meta name=\"robots\" content=\"noindex, follow, max-snippet:-1, max-image-preview:large, max-video-preview:-1\" \/>\n<meta property=\"og:locale\" content=\"en_US\" \/>\n<meta property=\"og:type\" content=\"article\" \/>\n<meta property=\"og:title\" content=\"Ausfl\u00fcge Luzern mit dem Taxi: Ziele am See und Berg\" \/>\n<meta property=\"og:description\" content=\"Ausfl\u00fcge Luzern mit dem Taxi: Ziele am See und in den Bergen, flexibel und ohne Umsteigen. So planen Sie Ihren Ausflug entspannt.\" \/>\n<meta property=\"og:url\" content=\"https:\/\/wordpress.luzerner-taxi.ch\/en\/ausfluege-luzern-mit-dem-taxi\/\" \/>\n<meta property=\"og:site_name\" content=\"Luzerner Transporte\" \/>\n<meta property=\"article:published_time\" content=\"2026-07-27T02:52:00+00:00\" \/>\n<meta property=\"article:modified_time\" content=\"2026-07-27T11:56:02+00:00\" \/>\n<meta property=\"og:image\" content=\"https:\/\/wordpress.luzerner-taxi.ch\/wp-content\/uploads\/2026\/07\/8888-2.jpeg\" \/>\n\t<meta property=\"og:image:width\" content=\"1600\" \/>\n\t<meta property=\"og:image:height\" content=\"1200\" \/>\n\t<meta property=\"og:image:type\" content=\"image\/jpeg\" \/>\n<meta name=\"author\" content=\"Anna Weber\" \/>\n<meta name=\"twitter:card\" content=\"summary_large_image\" \/>\n<meta name=\"twitter:label1\" content=\"Written by\" \/>\n\t<meta name=\"twitter:data1\" content=\"Anna Weber\" \/>\n\t<meta name=\"twitter:label2\" content=\"Est. reading time\" \/>\n\t<meta name=\"twitter:data2\" content=\"4 minutes\" \/>\n<script type=\"application\/ld+json\" class=\"yoast-schema-graph\">{\"@context\":\"https:\/\/schema.org\",\"@graph\":[{\"@type\":\"WebPage\",\"@id\":\"https:\/\/wordpress.luzerner-taxi.ch\/ausfluege-luzern-mit-dem-taxi\/\",\"url\":\"https:\/\/wordpress.luzerner-taxi.ch\/ausfluege-luzern-mit-dem-taxi\/\",\"name\":\"Ausfl\u00fcge Luzern mit dem Taxi: Ziele am See und Berg\",\"isPartOf\":{\"@id\":\"https:\/\/wordpress.luzerner-taxi.ch\/#website\"},\"primaryImageOfPage\":{\"@id\":\"https:\/\/wordpress.luzerner-taxi.ch\/ausfluege-luzern-mit-dem-taxi\/#primaryimage\"},\"image\":{\"@id\":\"https:\/\/wordpress.luzerner-taxi.ch\/ausfluege-luzern-mit-dem-taxi\/#primaryimage\"},\"thumbnailUrl\":\"https:\/\/wordpress.luzerner-taxi.ch\/wp-content\/uploads\/2026\/07\/8888-2.jpeg\",\"datePublished\":\"2026-07-27T02:52:00+00:00\",\"dateModified\":\"2026-07-27T11:56:02+00:00\",\"author\":{\"@id\":\"https:\/\/wordpress.luzerner-taxi.ch\/#\/schema\/person\/450a9ae4f7bcd50e046ec943a017d180\"},\"description\":\"Ausfl\u00fcge Luzern mit dem Taxi: Ziele am See und in den Bergen, flexibel und ohne Umsteigen. So planen Sie Ihren Ausflug entspannt.\",\"breadcrumb\":{\"@id\":\"https:\/\/wordpress.luzerner-taxi.ch\/ausfluege-luzern-mit-dem-taxi\/#breadcrumb\"},\"inLanguage\":\"en-US\",\"potentialAction\":[{\"@type\":\"ReadAction\",\"target\":[\"https:\/\/wordpress.luzerner-taxi.ch\/ausfluege-luzern-mit-dem-taxi\/\"]}]},{\"@type\":\"ImageObject\",\"inLanguage\":\"en-US\",\"@id\":\"https:\/\/wordpress.luzerner-taxi.ch\/ausfluege-luzern-mit-dem-taxi\/#primaryimage\",\"url\":\"https:\/\/wordpress.luzerner-taxi.ch\/wp-content\/uploads\/2026\/07\/8888-2.jpeg\",\"contentUrl\":\"https:\/\/wordpress.luzerner-taxi.ch\/wp-content\/uploads\/2026\/07\/8888-2.jpeg\",\"width\":1600,\"height\":1200},{\"@type\":\"BreadcrumbList\",\"@id\":\"https:\/\/wordpress.luzerner-taxi.ch\/ausfluege-luzern-mit-dem-taxi\/#breadcrumb\",\"itemListElement\":[{\"@type\":\"ListItem\",\"position\":1,\"name\":\"Home\",\"item\":\"https:\/\/wordpress.luzerner-taxi.ch\/\"},{\"@type\":\"ListItem\",\"position\":2,\"name\":\"Ausfl\u00fcge Luzern mit dem Taxi: Ziele am See und in den Bergen\"}]},{\"@type\":\"WebSite\",\"@id\":\"https:\/\/wordpress.luzerner-taxi.ch\/#website\",\"url\":\"https:\/\/wordpress.luzerner-taxi.ch\/\",\"name\":\"Luzerner Transporte\",\"description\":\"\",\"potentialAction\":[{\"@type\":\"SearchAction\",\"target\":{\"@type\":\"EntryPoint\",\"urlTemplate\":\"https:\/\/wordpress.luzerner-taxi.ch\/?s={search_term_string}\"},\"query-input\":{\"@type\":\"PropertyValueSpecification\",\"valueRequired\":true,\"valueName\":\"search_term_string\"}}],\"inLanguage\":\"en-US\"},{\"@type\":\"Person\",\"@id\":\"https:\/\/wordpress.luzerner-taxi.ch\/#\/schema\/person\/450a9ae4f7bcd50e046ec943a017d180\",\"name\":\"Anna Weber\",\"image\":{\"@type\":\"ImageObject\",\"inLanguage\":\"en-US\",\"@id\":\"https:\/\/wordpress.luzerner-taxi.ch\/#\/schema\/person\/image\/\",\"url\":\"https:\/\/secure.gravatar.com\/avatar\/4e811f5a3ad36903a9ea3b16489592a6cb271ff5eb1e68861e39aed53e66f36d?s=96&d=mm&r=g\",\"contentUrl\":\"https:\/\/secure.gravatar.com\/avatar\/4e811f5a3ad36903a9ea3b16489592a6cb271ff5eb1e68861e39aed53e66f36d?s=96&d=mm&r=g\",\"caption\":\"Anna Weber\"},\"url\":\"https:\/\/wordpress.luzerner-taxi.ch\/en\/author\/anna-weber\/\"}]}<\/script>\n<!-- \/ Yoast SEO plugin. -->","yoast_head_json":{"title":"Ausfl\u00fcge Luzern mit dem Taxi: Ziele am See und Berg","description":"Ausfl\u00fcge Luzern mit dem Taxi: Ziele am See und in den Bergen, flexibel und ohne Umsteigen. So planen Sie Ihren Ausflug entspannt.","robots":{"index":"noindex","follow":"follow","max-snippet":"max-snippet:-1","max-image-preview":"max-image-preview:large","max-video-preview":"max-video-preview:-1"},"og_locale":"en_US","og_type":"article","og_title":"Ausfl\u00fcge Luzern mit dem Taxi: Ziele am See und Berg","og_description":"Ausfl\u00fcge Luzern mit dem Taxi: Ziele am See und in den Bergen, flexibel und ohne Umsteigen. So planen Sie Ihren Ausflug entspannt.","og_url":"https:\/\/wordpress.luzerner-taxi.ch\/en\/ausfluege-luzern-mit-dem-taxi\/","og_site_name":"Luzerner Transporte","article_published_time":"2026-07-27T02:52:00+00:00","article_modified_time":"2026-07-27T11:56:02+00:00","og_image":[{"width":1600,"height":1200,"url":"https:\/\/wordpress.luzerner-taxi.ch\/wp-content\/uploads\/2026\/07\/8888-2.jpeg","type":"image\/jpeg"}],"author":"Anna Weber","twitter_card":"summary_large_image","twitter_misc":{"Written by":"Anna Weber","Est. reading time":"4 minutes"},"schema":{"@context":"https:\/\/schema.org","@graph":[{"@type":"WebPage","@id":"https:\/\/wordpress.luzerner-taxi.ch\/ausfluege-luzern-mit-dem-taxi\/","url":"https:\/\/wordpress.luzerner-taxi.ch\/ausfluege-luzern-mit-dem-taxi\/","name":"Ausfl\u00fcge Luzern mit dem Taxi: Ziele am See und Berg","isPartOf":{"@id":"https:\/\/wordpress.luzerner-taxi.ch\/#website"},"primaryImageOfPage":{"@id":"https:\/\/wordpress.luzerner-taxi.ch\/ausfluege-luzern-mit-dem-taxi\/#primaryimage"},"image":{"@id":"https:\/\/wordpress.luzerner-taxi.ch\/ausfluege-luzern-mit-dem-taxi\/#primaryimage"},"thumbnailUrl":"https:\/\/wordpress.luzerner-taxi.ch\/wp-content\/uploads\/2026\/07\/8888-2.jpeg","datePublished":"2026-07-27T02:52:00+00:00","dateModified":"2026-07-27T11:56:02+00:00","author":{"@id":"https:\/\/wordpress.luzerner-taxi.ch\/#\/schema\/person\/450a9ae4f7bcd50e046ec943a017d180"},"description":"Ausfl\u00fcge Luzern mit dem Taxi: Ziele am See und in den Bergen, flexibel und ohne Umsteigen. So planen Sie Ihren Ausflug entspannt.","breadcrumb":{"@id":"https:\/\/wordpress.luzerner-taxi.ch\/ausfluege-luzern-mit-dem-taxi\/#breadcrumb"},"inLanguage":"en-US","potentialAction":[{"@type":"ReadAction","target":["https:\/\/wordpress.luzerner-taxi.ch\/ausfluege-luzern-mit-dem-taxi\/"]}]},{"@type":"ImageObject","inLanguage":"en-US","@id":"https:\/\/wordpress.luzerner-taxi.ch\/ausfluege-luzern-mit-dem-taxi\/#primaryimage","url":"https:\/\/wordpress.luzerner-taxi.ch\/wp-content\/uploads\/2026\/07\/8888-2.jpeg","contentUrl":"https:\/\/wordpress.luzerner-taxi.ch\/wp-content\/uploads\/2026\/07\/8888-2.jpeg","width":1600,"height":1200},{"@type":"BreadcrumbList","@id":"https:\/\/wordpress.luzerner-taxi.ch\/ausfluege-luzern-mit-dem-taxi\/#breadcrumb","itemListElement":[{"@type":"ListItem","position":1,"name":"Home","item":"https:\/\/wordpress.luzerner-taxi.ch\/"},{"@type":"ListItem","position":2,"name":"Ausfl\u00fcge Luzern mit dem Taxi: Ziele am See und in den Bergen"}]},{"@type":"WebSite","@id":"https:\/\/wordpress.luzerner-taxi.ch\/#website","url":"https:\/\/wordpress.luzerner-taxi.ch\/","name":"Luzerner Transporte","description":"","potentialAction":[{"@type":"SearchAction","target":{"@type":"EntryPoint","urlTemplate":"https:\/\/wordpress.luzerner-taxi.ch\/?s={search_term_string}"},"query-input":{"@type":"PropertyValueSpecification","valueRequired":true,"valueName":"search_term_string"}}],"inLanguage":"en-US"},{"@type":"Person","@id":"https:\/\/wordpress.luzerner-taxi.ch\/#\/schema\/person\/450a9ae4f7bcd50e046ec943a017d180","name":"Anna Weber","image":{"@type":"ImageObject","inLanguage":"en-US","@id":"https:\/\/wordpress.luzerner-taxi.ch\/#\/schema\/person\/image\/","url":"https:\/\/secure.gravatar.com\/avatar\/4e811f5a3ad36903a9ea3b16489592a6cb271ff5eb1e68861e39aed53e66f36d?s=96&d=mm&r=g","contentUrl":"https:\/\/secure.gravatar.com\/avatar\/4e811f5a3ad36903a9ea3b16489592a6cb271ff5eb1e68861e39aed53e66f36d?s=96&d=mm&r=g","caption":"Anna Weber"},"url":"https:\/\/wordpress.luzerner-taxi.ch\/en\/author\/anna-weber\/"}]}},"_links":{"self":[{"href":"https:\/\/wordpress.luzerner-taxi.ch\/en\/wp-json\/wp\/v2\/posts\/1000","targetHints":{"allow":["GET"]}}],"collection":[{"href":"https:\/\/wordpress.luzerner-taxi.ch\/en\/wp-json\/wp\/v2\/posts"}],"about":[{"href":"https:\/\/wordpress.luzerner-taxi.ch\/en\/wp-json\/wp\/v2\/types\/post"}],"author":[{"embeddable":true,"href":"https:\/\/wordpress.luzerner-taxi.ch\/en\/wp-json\/wp\/v2\/users\/3"}],"replies":[{"embeddable":true,"href":"https:\/\/wordpress.luzerner-taxi.ch\/en\/wp-json\/wp\/v2\/comments?post=1000"}],"version-history":[{"count":1,"href":"https:\/\/wordpress.luzerner-taxi.ch\/en\/wp-json\/wp\/v2\/posts\/1000\/revisions"}],"predecessor-version":[{"id":1002,"href":"https:\/\/wordpress.luzerner-taxi.ch\/en\/wp-json\/wp\/v2\/posts\/1000\/revisions\/1002"}],"wp:featuredmedia":[{"embeddable":true,"href":"https:\/\/wordpress.luzerner-taxi.ch\/en\/wp-json\/wp\/v2\/media\/1001"}],"wp:attachment":[{"href":"https:\/\/wordpress.luzerner-taxi.ch\/en\/wp-json\/wp\/v2\/media?parent=1000"}],"wp:term":[{"taxonomy":"category","embeddable":true,"href":"https:\/\/wordpress.luzerner-taxi.ch\/en\/wp-json\/wp\/v2\/categories?post=1000"},{"taxonomy":"post_tag","embeddable":true,"href":"https:\/\/wordpress.luzerner-taxi.ch\/en\/wp-json\/wp\/v2\/tags?post=1000"},{"taxonomy":"language","embeddable":true,"href":"https:\/\/wordpress.luzerner-taxi.ch\/en\/wp-json\/wp\/v2\/language?post=1000"}],"curies":[{"name":"wp","href":"https:\/\/api.w.org\/{rel}","templated":true}]}}