{"id":1046,"date":"2026-08-27T07:40:00","date_gmt":"2026-08-27T07:40:00","guid":{"rendered":"https:\/\/wordpress.luzerner-taxi.ch\/?p=1046"},"modified":"2026-08-27T07:42:54","modified_gmt":"2026-08-27T07:42:54","slug":"personentransport-luzern-anlaesse","status":"publish","type":"post","link":"https:\/\/wordpress.luzerner-taxi.ch\/en\/personentransport-luzern-anlaesse\/","title":{"rendered":"Personentransport Luzern: Gruppenfahrten zu Anl\u00e4ssen organisieren"},"content":{"rendered":"<p class=\"wp-block-paragraph\">Wer einen Personentransport Luzern f\u00fcr einen Anlass organisiert, hat es mit zwei ganz unterschiedlichen Aufgaben zu tun. Die G\u00e4ste zum Ort zu bringen, ist die eine. Sie am Ende wieder nach Hause oder ins Hotel zu bringen, die andere. Beide folgen v\u00f6llig unterschiedlichen Mustern, und wer das fr\u00fch erkennt, plant den Transport deutlich ruhiger.&nbsp;<\/p>\n\n\n\n<p class=\"wp-block-paragraph\">Dieser Beitrag zeigt, worauf es bei beiden Richtungen ankommt und wo die meisten Planungen ins Stocken geraten. Im Mittelpunkt steht dabei nicht das Fahrzeug, sondern der Ablauf, also wann wer wohin gebracht wird.<\/p>\n\n\n\n<h2 class=\"wp-block-heading\">Ein Anlass hat zwei Richtungen<\/h2>\n\n\n\n<p class=\"wp-block-paragraph\">Die Anreise und die R\u00fcckfahrt sind nicht einfach dasselbe in umgekehrter Reihenfolge. Bei der Anreise kommen die G\u00e4ste nach und nach, aus verschiedenen Richtungen und zu unterschiedlichen Zeiten. Der Strom verteilt sich \u00fcber eine l\u00e4ngere Zeitspanne, fast von selbst.<\/p>\n\n\n\n<p class=\"wp-block-paragraph\">Am Ende des Anlasses kehrt sich das um. Dann wollen fast alle gleichzeitig los. Aus dem gestaffelten Kommen wird ein geballtes Gehen. Ein Personentransport Luzern f\u00fcr eine gr\u00f6ssere Gruppe steht und f\u00e4llt deshalb mit der R\u00fcckfahrt. Genau dieser Unterschied macht die beiden Richtungen zu zwei getrennten Aufgaben, die man auch getrennt planen sollte. Wer beide gleich behandelt, plant fast immer die eine gut und die andere zu knapp.<\/p>\n\n\n\n<h2 class=\"wp-block-heading\">Die Anreise: gestaffelt und aus vielen Richtungen<\/h2>\n\n\n\n<p class=\"wp-block-paragraph\">Zur Anreise reisen die G\u00e4ste selten gemeinsam an. Die einen kommen von zu Hause, andere aus dem Hotel, wieder andere vom Bahnhof oder vom Flughafen. Jeder hat eine eigene Startzeit, und genau das macht die Anreise \u00fcberschaubar, denn der Andrang verteilt sich \u00fcber den Abend. Ein guter Richtwert ist, die letzte Abholung so zu legen, dass auch der zuletzt eintreffende Gast rechtzeitig vor Beginn ankommt.<\/p>\n\n\n\n<p class=\"wp-block-paragraph\">Trotzdem l\u00e4uft die Anreise nicht ganz von allein. Je mehr G\u00e4ste aus unterschiedlichen Orten kommen, desto mehr lohnt sich ein klarer Plan, bevor der erste losf\u00e4hrt.<\/p>\n\n\n\n<h3 class=\"wp-block-heading\">Einen zentralen Treffpunkt festlegen<\/h3>\n\n\n\n<p class=\"wp-block-paragraph\">Ein zentraler Treffpunkt, von dem aus die Gruppe gemeinsam weiterf\u00e4hrt, vereinfacht vieles. So m\u00fcssen nicht alle einzeln zum Veranstaltungsort finden, und niemand verirrt sich unterwegs. Das ist besonders praktisch, wenn der Ort ausserhalb der Stadt liegt oder schwer zu finden ist. Legen Sie den Treffpunkt so, dass er f\u00fcr die meisten G\u00e4ste gut und ohne Umweg erreichbar ist.<\/p>\n\n\n\n<p class=\"wp-block-paragraph\">Alternativ werden die G\u00e4ste an mehreren Punkten abgeholt. Das ist bequemer f\u00fcr die Einzelnen, verlangt aber mehr Abstimmung im Voraus. Welche Variante passt, h\u00e4ngt von der Gruppe und den Startorten ab. F\u00fcr eine kleine, verstreute Gruppe sind einzelne Abholungen sinnvoll, f\u00fcr eine grosse Gruppe ist ein gemeinsamer Treffpunkt meist ruhiger.<\/p>\n\n\n\n<h3 class=\"wp-block-heading\">Hotels als nat\u00fcrliche Sammelpunkte<\/h3>\n\n\n\n<p class=\"wp-block-paragraph\">Wenn viele G\u00e4ste von ausw\u00e4rts kommen, sind Hotels ein guter Ausgangspunkt. Bekannte Adressen wie das Grand Hotel National oder das <a href=\"https:\/\/luzerner-taxi.ch\/services\/city-local-trips\">B\u00fcrgenstock Resort<\/a> sind Orte, an denen sich eine Gruppe leicht sammeln l\u00e4sst und die jeder ohne lange Erkl\u00e4rung findet.<\/p>\n\n\n\n<p class=\"wp-block-paragraph\">Ein Hotel als Treffpunkt hat einen praktischen Vorteil. Die G\u00e4ste warten im Warmen, und die Abholung erfolgt an einem festen Punkt. Das spart Nachfragen und sorgt daf\u00fcr, dass die Fahrt p\u00fcnktlich losgeht. Auch f\u00fcr die R\u00fcckfahrt am Ende des Abends ist ein Hotel ein klarer Zielpunkt, an dem sich mehrere G\u00e4ste absetzen lassen. Kommen G\u00e4ste von weiter her, etwa vom Flughafen, ist das Hotel ohnehin oft ihr erster und letzter Halt des Tages.<\/p>\n\n\n\n<h2 class=\"wp-block-heading\">Die R\u00fcckfahrt: alle auf einmal<\/h2>\n\n\n\n<p class=\"wp-block-paragraph\">Am Ende des Anlasses zeigt sich, ob der Transport gut geplant war. Innerhalb weniger Minuten m\u00f6chten fast alle G\u00e4ste gleichzeitig aufbrechen. Aus vielen einzelnen Ank\u00fcnften wird ein einziger, geballter Aufbruch.<\/p>\n\n\n\n<h3 class=\"wp-block-heading\">Warum hier die meiste Planung schiefgeht<\/h3>\n\n\n\n<p class=\"wp-block-paragraph\">Die R\u00fcckfahrt wird am h\u00e4ufigsten untersch\u00e4tzt. Wer bei der Planung vor allem an die Anreise denkt, steht am Ende vor einer Gruppe, die alle auf einmal los will. Dann fehlen Fahrzeuge, oder die G\u00e4ste warten l\u00e4nger als gedacht.<\/p>\n\n\n\n<p class=\"wp-block-paragraph\">Der Fehler liegt meist darin, die R\u00fcckfahrt wie die Anreise zu behandeln. Doch sie verteilt sich nicht von selbst \u00fcber den Abend. Sie muss aktiv geplant werden, sonst entsteht genau der Engpass, den man vermeiden wollte. Deshalb geh\u00f6rt die R\u00fcckfahrt schon bei der Buchung genauso in den Plan wie die Anreise. Ein guter Anhaltspunkt ist die G\u00e4stezahl: Je gr\u00f6sser die Gruppe, desto eher braucht es mehr als eine Fahrt zur gleichen Zeit.<\/p>\n\n\n\n<h3 class=\"wp-block-heading\">Wie sp\u00e4t das R\u00fcckfahrtfenster wirklich sein muss<\/h3>\n\n\n\n<p class=\"wp-block-paragraph\">Ein zweiter Punkt wird oft \u00fcbersehen. Anl\u00e4sse enden selten p\u00fcnktlich. Das offizielle Ende ist nicht der Moment, in dem die G\u00e4ste tats\u00e4chlich gehen. Gespr\u00e4che ziehen sich, der Abschied dauert, und aus einer geplanten Stunde wird schnell mehr.<\/p>\n\n\n\n<p class=\"wp-block-paragraph\">Planen Sie das R\u00fcckfahrtfenster deshalb grossz\u00fcgig und deutlich sp\u00e4ter als das angek\u00fcndigte Ende. Ein Dienst, der <a href=\"https:\/\/luzerner-taxi.ch\/services\/available-anytime\">auch sp\u00e4t in der Nacht verf\u00fcgbar<\/a> ist, gibt hier die n\u00f6tige Sicherheit. So steht die R\u00fcckfahrt bereit, wenn die G\u00e4ste wirklich aufbrechen, und nicht, wenn der Zeitplan es eigentlich vorsah. Wer das Fenster zu eng setzt, riskiert genau die Wartezeit, die am Ende eines sch\u00f6nen Abends niemand m\u00f6chte. Im Zweifel ist ein etwas sp\u00e4teres Fenster immer die sicherere Wahl als ein zu fr\u00fches.<\/p>\n\n\n\n<h2 class=\"wp-block-heading\">So l\u00e4uft ein Abend mit G\u00e4stetransport ab<\/h2>\n\n\n\n<p class=\"wp-block-paragraph\">Ein Beispiel macht den Unterschied greifbar. Am fr\u00fchen Abend treffen die ersten G\u00e4ste ein, die einen von zu Hause abgeholt, andere kurz darauf vom Hotel oder vom Bahnhof. \u00dcber eine Stunde verteilt f\u00fcllt sich der Anlass, ohne dass an einem Punkt Gedr\u00e4nge entsteht.<\/p>\n\n\n\n<p class=\"wp-block-paragraph\">Am sp\u00e4ten Abend dreht sich das Bild. Wenn der Anlass zu Ende geht, stehen pl\u00f6tzlich alle zur gleichen Zeit bereit. Wer jetzt keine Fahrten eingeplant hat, l\u00e4sst G\u00e4ste warten. Wer dagegen ein sp\u00e4tes R\u00fcckfahrtfenster reserviert hat, bringt alle z\u00fcgig nach Hause, die einen in die Stadt, die anderen in umliegende Gemeinden wie Kriens, Horw oder Emmen.<\/p>\n\n\n\n<h2 class=\"wp-block-heading\">Personentransport Luzern: beide Richtungen zusammen planen<\/h2>\n\n\n\n<p class=\"wp-block-paragraph\">Am besten planen Sie Anreise und R\u00fcckfahrt in einem Zug, aber als zwei getrennte Aufgaben. Legen Sie f\u00fcr die Anreise die Treffpunkte und die Startzeiten fest. Bestimmen Sie f\u00fcr die R\u00fcckfahrt ein realistisches Zeitfenster mit Reserve.<\/p>\n\n\n\n<p class=\"wp-block-paragraph\">F\u00fcr einen <a href=\"https:\/\/luzerner-taxi.ch\/services\/events-occasions\">Anlass mit G\u00e4stetransport<\/a> lohnt es sich, eine Ansprechperson zu bestimmen, die am Tag erreichbar ist. So lassen sich kurzfristige \u00c4nderungen kl\u00e4ren, ohne dass die Gastgeber selbst gest\u00f6rt werden. Nennen Sie bei der Buchung die Zahl der G\u00e4ste, die Orte und beide Zeitfenster, dann greift alles ineinander. Gruppieren Sie die G\u00e4ste f\u00fcr die R\u00fcckfahrt nach Richtung: Wer in dieselbe Gegend m\u00f6chte, f\u00e4hrt gemeinsam, was den Aufbruch am Ende sp\u00fcrbar beschleunigt.<\/p>\n\n\n\n<p class=\"wp-block-paragraph\">Ein letzter Tipp: Teilen Sie den G\u00e4sten den Treffpunkt und die ungef\u00e4hren Zeiten vorab mit. Wenn alle wissen, wo und wann die Fahrt startet, l\u00e4uft der Abend von der ersten bis zur letzten Fahrt ruhig ab. Eine kurze Nachricht mit Treffpunkt, Zeit und Ansprechperson gen\u00fcgt daf\u00fcr meist.<\/p>\n\n\n\n<h2 class=\"wp-block-heading\">Ihr Personentransport f\u00fcr Anl\u00e4sse in Luzern<\/h2>\n\n\n\n<p class=\"wp-block-paragraph\">Planen Sie einen Anlass mit mehreren G\u00e4sten? Luzerner Taxi \u00fcbernimmt den Transport in beide Richtungen, von der gestaffelten Anreise bis zur R\u00fcckfahrt am Ende des Abends. Sie bestimmen Treffpunkte und Zeiten, wir sorgen daf\u00fcr, dass niemand wartet. Ob kleine Feier oder gr\u00f6sserer Anlass, der Ablauf bleibt derselbe, gut geplant in beide Richtungen.<\/p>\n\n\n\n<p class=\"wp-block-paragraph\">Buchen Sie \u00fcber <a href=\"https:\/\/luzerner-taxi.ch\/blog\/taxi-luzern-app\">die App<\/a>, online oder telefonisch unter +41 41 558 89 89 und stimmen Sie beide Richtungen fr\u00fchzeitig ab.<\/p>","protected":false},"excerpt":{"rendered":"<p>Wer einen Personentransport Luzern f\u00fcr einen Anlass organisiert, hat es mit zwei ganz unterschiedlichen Aufgaben zu tun. Die G\u00e4ste zum Ort zu bringen, ist die eine. Sie am Ende wieder nach Hause oder ins Hotel zu bringen, die andere. Beide folgen v\u00f6llig unterschiedlichen Mustern, und wer das fr\u00fch erkennt, plant den Transport deutlich ruhiger.&nbsp; Dieser [&hellip;]<\/p>\n","protected":false},"author":3,"featured_media":1047,"comment_status":"open","ping_status":"open","sticky":false,"template":"","format":"standard","meta":{"_acf_changed":false,"_yoast_wpseo_title":"Personentransport Luzern: Gruppenfahrten zu Anl\u00e4ssen","_yoast_wpseo_metadesc":"Personentransport Luzern f\u00fcr Anl\u00e4sse: warum Anreise und R\u00fcckfahrt getrennt geplant werden und wo die R\u00fcckfahrt am h\u00e4ufigsten schiefgeht.","rank_math_title":"","rank_math_description":"","footnotes":""},"categories":[1],"tags":[],"language":[3],"class_list":["post-1046","post","type-post","status-publish","format-standard","has-post-thumbnail","hentry","category-uncategorized","language-de"],"acf":[],"yoast_head":"<!-- This site is optimized with the Yoast SEO plugin v26.3 - https:\/\/yoast.com\/wordpress\/plugins\/seo\/ -->\n<title>Personentransport Luzern: Gruppenfahrten zu Anl\u00e4ssen<\/title>\n<meta name=\"description\" content=\"Personentransport Luzern f\u00fcr Anl\u00e4sse: warum Anreise und R\u00fcckfahrt getrennt geplant werden und wo die R\u00fcckfahrt am h\u00e4ufigsten schiefgeht.\" \/>\n<meta name=\"robots\" content=\"noindex, follow, max-snippet:-1, max-image-preview:large, max-video-preview:-1\" \/>\n<meta property=\"og:locale\" content=\"en_US\" \/>\n<meta property=\"og:type\" content=\"article\" \/>\n<meta property=\"og:title\" content=\"Personentransport Luzern: Gruppenfahrten zu Anl\u00e4ssen\" \/>\n<meta property=\"og:description\" content=\"Personentransport Luzern f\u00fcr Anl\u00e4sse: warum Anreise und R\u00fcckfahrt getrennt geplant werden und wo die R\u00fcckfahrt am h\u00e4ufigsten schiefgeht.\" \/>\n<meta property=\"og:url\" content=\"https:\/\/wordpress.luzerner-taxi.ch\/en\/personentransport-luzern-anlaesse\/\" \/>\n<meta property=\"og:site_name\" content=\"Luzerner Transporte\" \/>\n<meta property=\"article:published_time\" content=\"2026-08-27T07:40:00+00:00\" \/>\n<meta property=\"article:modified_time\" content=\"2026-08-27T07:42:54+00:00\" \/>\n<meta property=\"og:image\" content=\"https:\/\/wordpress.luzerner-taxi.ch\/wp-content\/uploads\/2026\/08\/personentransport-luzern-scaled.jpg\" \/>\n\t<meta property=\"og:image:width\" content=\"2560\" \/>\n\t<meta property=\"og:image:height\" content=\"1708\" \/>\n\t<meta property=\"og:image:type\" content=\"image\/jpeg\" \/>\n<meta name=\"author\" content=\"Anna Weber\" \/>\n<meta name=\"twitter:card\" content=\"summary_large_image\" \/>\n<meta name=\"twitter:label1\" content=\"Written by\" \/>\n\t<meta name=\"twitter:data1\" content=\"Anna Weber\" \/>\n\t<meta name=\"twitter:label2\" content=\"Est. reading time\" \/>\n\t<meta name=\"twitter:data2\" content=\"6 minutes\" \/>\n<script type=\"application\/ld+json\" class=\"yoast-schema-graph\">{\"@context\":\"https:\/\/schema.org\",\"@graph\":[{\"@type\":\"WebPage\",\"@id\":\"https:\/\/wordpress.luzerner-taxi.ch\/personentransport-luzern-anlaesse\/\",\"url\":\"https:\/\/wordpress.luzerner-taxi.ch\/personentransport-luzern-anlaesse\/\",\"name\":\"Personentransport Luzern: Gruppenfahrten zu Anl\u00e4ssen\",\"isPartOf\":{\"@id\":\"https:\/\/wordpress.luzerner-taxi.ch\/#website\"},\"primaryImageOfPage\":{\"@id\":\"https:\/\/wordpress.luzerner-taxi.ch\/personentransport-luzern-anlaesse\/#primaryimage\"},\"image\":{\"@id\":\"https:\/\/wordpress.luzerner-taxi.ch\/personentransport-luzern-anlaesse\/#primaryimage\"},\"thumbnailUrl\":\"https:\/\/wordpress.luzerner-taxi.ch\/wp-content\/uploads\/2026\/08\/personentransport-luzern-scaled.jpg\",\"datePublished\":\"2026-08-27T07:40:00+00:00\",\"dateModified\":\"2026-08-27T07:42:54+00:00\",\"author\":{\"@id\":\"https:\/\/wordpress.luzerner-taxi.ch\/#\/schema\/person\/450a9ae4f7bcd50e046ec943a017d180\"},\"description\":\"Personentransport Luzern f\u00fcr Anl\u00e4sse: warum Anreise und R\u00fcckfahrt getrennt geplant werden und wo die R\u00fcckfahrt am h\u00e4ufigsten schiefgeht.\",\"breadcrumb\":{\"@id\":\"https:\/\/wordpress.luzerner-taxi.ch\/personentransport-luzern-anlaesse\/#breadcrumb\"},\"inLanguage\":\"en-US\",\"potentialAction\":[{\"@type\":\"ReadAction\",\"target\":[\"https:\/\/wordpress.luzerner-taxi.ch\/personentransport-luzern-anlaesse\/\"]}]},{\"@type\":\"ImageObject\",\"inLanguage\":\"en-US\",\"@id\":\"https:\/\/wordpress.luzerner-taxi.ch\/personentransport-luzern-anlaesse\/#primaryimage\",\"url\":\"https:\/\/wordpress.luzerner-taxi.ch\/wp-content\/uploads\/2026\/08\/personentransport-luzern-scaled.jpg\",\"contentUrl\":\"https:\/\/wordpress.luzerner-taxi.ch\/wp-content\/uploads\/2026\/08\/personentransport-luzern-scaled.jpg\",\"width\":2560,\"height\":1708,\"caption\":\"Female chauffeur helps a business lady to get out of vehicle, opening a door of luxury black minivan. Concept of personal driver, luxury taxi for business delegation\"},{\"@type\":\"BreadcrumbList\",\"@id\":\"https:\/\/wordpress.luzerner-taxi.ch\/personentransport-luzern-anlaesse\/#breadcrumb\",\"itemListElement\":[{\"@type\":\"ListItem\",\"position\":1,\"name\":\"Home\",\"item\":\"https:\/\/wordpress.luzerner-taxi.ch\/\"},{\"@type\":\"ListItem\",\"position\":2,\"name\":\"Personentransport Luzern: Gruppenfahrten zu Anl\u00e4ssen organisieren\"}]},{\"@type\":\"WebSite\",\"@id\":\"https:\/\/wordpress.luzerner-taxi.ch\/#website\",\"url\":\"https:\/\/wordpress.luzerner-taxi.ch\/\",\"name\":\"Luzerner Transporte\",\"description\":\"\",\"potentialAction\":[{\"@type\":\"SearchAction\",\"target\":{\"@type\":\"EntryPoint\",\"urlTemplate\":\"https:\/\/wordpress.luzerner-taxi.ch\/?s={search_term_string}\"},\"query-input\":{\"@type\":\"PropertyValueSpecification\",\"valueRequired\":true,\"valueName\":\"search_term_string\"}}],\"inLanguage\":\"en-US\"},{\"@type\":\"Person\",\"@id\":\"https:\/\/wordpress.luzerner-taxi.ch\/#\/schema\/person\/450a9ae4f7bcd50e046ec943a017d180\",\"name\":\"Anna Weber\",\"image\":{\"@type\":\"ImageObject\",\"inLanguage\":\"en-US\",\"@id\":\"https:\/\/wordpress.luzerner-taxi.ch\/#\/schema\/person\/image\/\",\"url\":\"https:\/\/secure.gravatar.com\/avatar\/4e811f5a3ad36903a9ea3b16489592a6cb271ff5eb1e68861e39aed53e66f36d?s=96&d=mm&r=g\",\"contentUrl\":\"https:\/\/secure.gravatar.com\/avatar\/4e811f5a3ad36903a9ea3b16489592a6cb271ff5eb1e68861e39aed53e66f36d?s=96&d=mm&r=g\",\"caption\":\"Anna Weber\"},\"url\":\"https:\/\/wordpress.luzerner-taxi.ch\/en\/author\/anna-weber\/\"}]}<\/script>\n<!-- \/ Yoast SEO plugin. -->","yoast_head_json":{"title":"Personentransport Luzern: Gruppenfahrten zu Anl\u00e4ssen","description":"Personentransport Luzern f\u00fcr Anl\u00e4sse: warum Anreise und R\u00fcckfahrt getrennt geplant werden und wo die R\u00fcckfahrt am h\u00e4ufigsten schiefgeht.","robots":{"index":"noindex","follow":"follow","max-snippet":"max-snippet:-1","max-image-preview":"max-image-preview:large","max-video-preview":"max-video-preview:-1"},"og_locale":"en_US","og_type":"article","og_title":"Personentransport Luzern: Gruppenfahrten zu Anl\u00e4ssen","og_description":"Personentransport Luzern f\u00fcr Anl\u00e4sse: warum Anreise und R\u00fcckfahrt getrennt geplant werden und wo die R\u00fcckfahrt am h\u00e4ufigsten schiefgeht.","og_url":"https:\/\/wordpress.luzerner-taxi.ch\/en\/personentransport-luzern-anlaesse\/","og_site_name":"Luzerner Transporte","article_published_time":"2026-08-27T07:40:00+00:00","article_modified_time":"2026-08-27T07:42:54+00:00","og_image":[{"width":2560,"height":1708,"url":"https:\/\/wordpress.luzerner-taxi.ch\/wp-content\/uploads\/2026\/08\/personentransport-luzern-scaled.jpg","type":"image\/jpeg"}],"author":"Anna Weber","twitter_card":"summary_large_image","twitter_misc":{"Written by":"Anna Weber","Est. reading time":"6 minutes"},"schema":{"@context":"https:\/\/schema.org","@graph":[{"@type":"WebPage","@id":"https:\/\/wordpress.luzerner-taxi.ch\/personentransport-luzern-anlaesse\/","url":"https:\/\/wordpress.luzerner-taxi.ch\/personentransport-luzern-anlaesse\/","name":"Personentransport Luzern: Gruppenfahrten zu Anl\u00e4ssen","isPartOf":{"@id":"https:\/\/wordpress.luzerner-taxi.ch\/#website"},"primaryImageOfPage":{"@id":"https:\/\/wordpress.luzerner-taxi.ch\/personentransport-luzern-anlaesse\/#primaryimage"},"image":{"@id":"https:\/\/wordpress.luzerner-taxi.ch\/personentransport-luzern-anlaesse\/#primaryimage"},"thumbnailUrl":"https:\/\/wordpress.luzerner-taxi.ch\/wp-content\/uploads\/2026\/08\/personentransport-luzern-scaled.jpg","datePublished":"2026-08-27T07:40:00+00:00","dateModified":"2026-08-27T07:42:54+00:00","author":{"@id":"https:\/\/wordpress.luzerner-taxi.ch\/#\/schema\/person\/450a9ae4f7bcd50e046ec943a017d180"},"description":"Personentransport Luzern f\u00fcr Anl\u00e4sse: warum Anreise und R\u00fcckfahrt getrennt geplant werden und wo die R\u00fcckfahrt am h\u00e4ufigsten schiefgeht.","breadcrumb":{"@id":"https:\/\/wordpress.luzerner-taxi.ch\/personentransport-luzern-anlaesse\/#breadcrumb"},"inLanguage":"en-US","potentialAction":[{"@type":"ReadAction","target":["https:\/\/wordpress.luzerner-taxi.ch\/personentransport-luzern-anlaesse\/"]}]},{"@type":"ImageObject","inLanguage":"en-US","@id":"https:\/\/wordpress.luzerner-taxi.ch\/personentransport-luzern-anlaesse\/#primaryimage","url":"https:\/\/wordpress.luzerner-taxi.ch\/wp-content\/uploads\/2026\/08\/personentransport-luzern-scaled.jpg","contentUrl":"https:\/\/wordpress.luzerner-taxi.ch\/wp-content\/uploads\/2026\/08\/personentransport-luzern-scaled.jpg","width":2560,"height":1708,"caption":"Female chauffeur helps a business lady to get out of vehicle, opening a door of luxury black minivan. Concept of personal driver, luxury taxi for business delegation"},{"@type":"BreadcrumbList","@id":"https:\/\/wordpress.luzerner-taxi.ch\/personentransport-luzern-anlaesse\/#breadcrumb","itemListElement":[{"@type":"ListItem","position":1,"name":"Home","item":"https:\/\/wordpress.luzerner-taxi.ch\/"},{"@type":"ListItem","position":2,"name":"Personentransport Luzern: Gruppenfahrten zu Anl\u00e4ssen organisieren"}]},{"@type":"WebSite","@id":"https:\/\/wordpress.luzerner-taxi.ch\/#website","url":"https:\/\/wordpress.luzerner-taxi.ch\/","name":"Luzerner Transporte","description":"","potentialAction":[{"@type":"SearchAction","target":{"@type":"EntryPoint","urlTemplate":"https:\/\/wordpress.luzerner-taxi.ch\/?s={search_term_string}"},"query-input":{"@type":"PropertyValueSpecification","valueRequired":true,"valueName":"search_term_string"}}],"inLanguage":"en-US"},{"@type":"Person","@id":"https:\/\/wordpress.luzerner-taxi.ch\/#\/schema\/person\/450a9ae4f7bcd50e046ec943a017d180","name":"Anna Weber","image":{"@type":"ImageObject","inLanguage":"en-US","@id":"https:\/\/wordpress.luzerner-taxi.ch\/#\/schema\/person\/image\/","url":"https:\/\/secure.gravatar.com\/avatar\/4e811f5a3ad36903a9ea3b16489592a6cb271ff5eb1e68861e39aed53e66f36d?s=96&d=mm&r=g","contentUrl":"https:\/\/secure.gravatar.com\/avatar\/4e811f5a3ad36903a9ea3b16489592a6cb271ff5eb1e68861e39aed53e66f36d?s=96&d=mm&r=g","caption":"Anna Weber"},"url":"https:\/\/wordpress.luzerner-taxi.ch\/en\/author\/anna-weber\/"}]}},"_links":{"self":[{"href":"https:\/\/wordpress.luzerner-taxi.ch\/en\/wp-json\/wp\/v2\/posts\/1046","targetHints":{"allow":["GET"]}}],"collection":[{"href":"https:\/\/wordpress.luzerner-taxi.ch\/en\/wp-json\/wp\/v2\/posts"}],"about":[{"href":"https:\/\/wordpress.luzerner-taxi.ch\/en\/wp-json\/wp\/v2\/types\/post"}],"author":[{"embeddable":true,"href":"https:\/\/wordpress.luzerner-taxi.ch\/en\/wp-json\/wp\/v2\/users\/3"}],"replies":[{"embeddable":true,"href":"https:\/\/wordpress.luzerner-taxi.ch\/en\/wp-json\/wp\/v2\/comments?post=1046"}],"version-history":[{"count":1,"href":"https:\/\/wordpress.luzerner-taxi.ch\/en\/wp-json\/wp\/v2\/posts\/1046\/revisions"}],"predecessor-version":[{"id":1048,"href":"https:\/\/wordpress.luzerner-taxi.ch\/en\/wp-json\/wp\/v2\/posts\/1046\/revisions\/1048"}],"wp:featuredmedia":[{"embeddable":true,"href":"https:\/\/wordpress.luzerner-taxi.ch\/en\/wp-json\/wp\/v2\/media\/1047"}],"wp:attachment":[{"href":"https:\/\/wordpress.luzerner-taxi.ch\/en\/wp-json\/wp\/v2\/media?parent=1046"}],"wp:term":[{"taxonomy":"category","embeddable":true,"href":"https:\/\/wordpress.luzerner-taxi.ch\/en\/wp-json\/wp\/v2\/categories?post=1046"},{"taxonomy":"post_tag","embeddable":true,"href":"https:\/\/wordpress.luzerner-taxi.ch\/en\/wp-json\/wp\/v2\/tags?post=1046"},{"taxonomy":"language","embeddable":true,"href":"https:\/\/wordpress.luzerner-taxi.ch\/en\/wp-json\/wp\/v2\/language?post=1046"}],"curies":[{"name":"wp","href":"https:\/\/api.w.org\/{rel}","templated":true}]}}