{"id":963,"date":"2026-06-25T02:52:00","date_gmt":"2026-06-25T02:52:00","guid":{"rendered":"https:\/\/wordpress.luzerner-taxi.ch\/?p=963"},"modified":"2026-06-25T11:09:10","modified_gmt":"2026-06-25T11:09:10","slug":"transport-luzern-spaet-am-abend","status":"publish","type":"post","link":"https:\/\/wordpress.luzerner-taxi.ch\/en\/transport-luzern-spaet-am-abend\/","title":{"rendered":"Transport Luzern sp\u00e4t am Abend: Heimfahrt nach Essen, Event oder versp\u00e4tetem Zug"},"content":{"rendered":"<p class=\"wp-block-paragraph\">Sp\u00e4t am Abend ver\u00e4ndert sich die Frage nach dem passenden Transport in Luzern sp\u00fcrbar. Die Restaurants leeren sich, ein Konzert geht zu Ende oder der letzte Zug erreicht den Bahnhof mit Versp\u00e4tung. In diesen Momenten z\u00e4hlt vor allem eines, n\u00e4mlich schnell und sicher nach Hause oder ins Hotel zu kommen. Dieser Beitrag geht die typischen Situationen der sp\u00e4ten Stunden der Reihe nach durch und zeigt, worauf es bei der Planung wirklich ankommt.<\/p>\n\n\n\n<h2 class=\"wp-block-heading\">Nach dem Abendessen: Wenn der Abend ruhig ausklingt<\/h2>\n\n\n\n<p class=\"wp-block-paragraph\">Nach einem Essen in der Altstadt oder am Seeufer ist der Weg nach Hause selten weit, zur sp\u00e4ten Stunde aber nicht immer bequem. Die \u00f6ffentlichen Verbindungen fahren am Abend seltener, und wer in Begleitung unterwegs ist, m\u00f6chte nicht lange an einer Haltestelle stehen.<\/p>\n\n\n\n<h3 class=\"wp-block-heading\">Den Heimweg fr\u00fch festlegen<\/h3>\n\n\n\n<p class=\"wp-block-paragraph\">Ein fester Plan hilft hier mehr als eine spontane Entscheidung. Wer bereits beim Dessert \u00fcberlegt, wie der R\u00fcckweg aussehen soll, vermeidet die Suche nach einer Verbindung, sobald das Lokal schliesst. Eine im Voraus reservierte Fahrt steht zur gew\u00fcnschten Zeit bereit, sodass der Abend ohne Hektik endet. Eine kurze Buchung \u00fcber die App oder ein Anruf gen\u00fcgt, und der genaue Treffpunkt l\u00e4sst sich vorab kl\u00e4ren.<\/p>\n\n\n\n<h3 class=\"wp-block-heading\">Komfort f\u00fcr Begleitung und Familie<\/h3>\n\n\n\n<p class=\"wp-block-paragraph\">Gerade bei k\u00fchlem Wetter oder nach einem langen Essen ist die direkte Fahrt von der T\u00fcr des Restaurants bis vor die eigene Haust\u00fcr angenehmer als ein Umstieg unterwegs. Das gilt besonders, wenn \u00e4ltere G\u00e4ste oder Kinder mitfahren, die nach einem sp\u00e4ten Abend keine l\u00e4ngeren Wartezeiten m\u00f6chten. Eine durchgehende Fahrt spart Wege und sorgt daf\u00fcr, dass alle gemeinsam und sicher ankommen.<\/p>\n\n\n\n<h2 class=\"wp-block-heading\">Nach einem Event: Wenn viele gleichzeitig aufbrechen<\/h2>\n\n\n\n<p class=\"wp-block-paragraph\">Konzerte, Theatervorstellungen und gr\u00f6ssere Veranstaltungen enden meist zur selben Zeit. Innerhalb weniger Minuten verlassen Hunderte Besucher den Saal und suchen denselben Heimweg. Genau dann wird der Transport in Luzern zur Geduldsfrage.<\/p>\n\n\n\n<h3 class=\"wp-block-heading\">Den Andrang umgehen<\/h3>\n\n\n\n<p class=\"wp-block-paragraph\">Wer den R\u00fcckweg vorab organisiert, kommt diesem Andrang zuvor. Eine Fahrt, die schon vor Beginn der Veranstaltung gebucht wurde, wartet zur vereinbarten Zeit am vereinbarten Ort. So entf\u00e4llt das Anstehen und das gemeinsame Suchen mit allen anderen G\u00e4sten. Wer die App nutzt, sieht zudem, wann das Fahrzeug eintrifft, und muss nicht im Freien warten.<\/p>\n\n\n\n<h3 class=\"wp-block-heading\">Die richtige Fahrzeuggr\u00f6sse f\u00fcr Gruppen<\/h3>\n\n\n\n<p class=\"wp-block-paragraph\">Bei mehreren Personen lohnt sich der Blick auf das passende Fahrzeug. F\u00fcr eine Gruppe, die nach einer Feier in dieselbe Richtung m\u00f6chte, ist ein<a href=\"https:\/\/luzerner-taxi.ch\/minibus\"> gr\u00f6sseres Fahrzeug<\/a> oft die ruhigere L\u00f6sung als mehrere getrennte Fahrten. Auch <a href=\"https:\/\/luzerner-taxi.ch\/services\/events-occasions\">festliche Anl\u00e4sse<\/a> wie Hochzeiten oder Firmenfeiern lassen sich so entspannt abschliessen, ohne dass sich die Gruppe am Ende des Abends trennen muss.<\/p>\n\n\n\n<h2 class=\"wp-block-heading\">Nach einem versp\u00e4teten Zug: Ankunft am Bahnhof Luzern zu sp\u00e4ter Stunde<\/h2>\n\n\n\n<p class=\"wp-block-paragraph\">Ein versp\u00e4teter Zug bringt den eigenen Zeitplan durcheinander. Wer kurz vor Mitternacht am Bahnhof Luzern ankommt, stellt manchmal fest, dass die geplante Anschlussverbindung bereits weg ist.<\/p>\n\n\n\n<h3 class=\"wp-block-heading\">Wenn die Anschlussverbindung fehlt<\/h3>\n\n\n\n<p class=\"wp-block-paragraph\">Das \u00f6ffentliche Angebot ist zu dieser Stunde deutlich ausged\u00fcnnt, und an Werktagen f\u00e4llt die Auswahl noch knapper aus als am Wochenende. In dieser Lage ist eine flexible L\u00f6sung wichtig. Ein Transport, der unabh\u00e4ngig vom Fahrplan verf\u00fcgbar ist, bringt auch nach Mitternacht zuverl\u00e4ssig ans Ziel. Wer die Ankunftszeit kennt, kann die Fahrt schon w\u00e4hrend der Zugfahrt organisieren, sodass das Fahrzeug bei der Ankunft bereitsteht.<\/p>\n\n\n\n<h3 class=\"wp-block-heading\">Direkt in die umliegenden Gemeinden<\/h3>\n\n\n\n<p class=\"wp-block-paragraph\">Der Bahnhof Luzern liegt zentral, und von dort f\u00fchren viele Wege in die <a href=\"https:\/\/luzerner-taxi.ch\/services\/city-local-trips\">umliegenden Gemeinden<\/a> wie Kriens, Horw, Emmen oder Emmenbr\u00fccke. Eine direkte Fahrt erspart den Umstieg und die Wartezeit im Freien, was bei sp\u00e4ter Stunde und k\u00fchlem Wetter ein klarer Vorteil ist. So endet eine Reise auch nach einer Versp\u00e4tung ruhig und ohne weiteren Stress.<\/p>\n\n\n\n<h2 class=\"wp-block-heading\">Wie sich sp\u00e4ter Transport in Luzern planen l\u00e4sst<\/h2>\n\n\n\n<p class=\"wp-block-paragraph\">Die einfachste Regel f\u00fcr die sp\u00e4ten Stunden lautet, vorauszudenken. Wer die ungef\u00e4hre Endzeit eines Abends kennt, kann den R\u00fcckweg im Voraus festlegen, statt erst im letzten Moment zu reagieren.<\/p>\n\n\n\n<p class=\"wp-block-paragraph\">Eine Reservierung im Voraus gibt Sicherheit \u00fcber Zeit und Treffpunkt. Eine App mit Buchung und Verfolgung der Fahrt zeigt, wann das Fahrzeug eintrifft, sodass die Wartezeit im Freien entf\u00e4llt. Ein kurzer Anruf gen\u00fcgt ebenfalls, wenn sich Pl\u00e4ne kurzfristig \u00e4ndern. Wer den Preis und die ungef\u00e4hre Fahrzeit vorab erfragt, weiss zudem genau, woran er ist, bevor die Fahrt beginnt.<\/p>\n\n\n\n<p class=\"wp-block-paragraph\">Auch die Wahl des Fahrzeugs geh\u00f6rt zur Planung. F\u00fcr eine einzelne Person reicht ein normaler Wagen, w\u00e4hrend Gruppen mit Gep\u00e4ck oder nach einer Feier von mehr Platz profitieren. Wer diese Punkte fr\u00fch kl\u00e4rt, sorgt f\u00fcr einen ruhigen Abschluss des Abends.<\/p>\n\n\n\n<h2 class=\"wp-block-heading\">Warum die Tageszeit den Ablauf bestimmt<\/h2>\n\n\n\n<p class=\"wp-block-paragraph\">Am sp\u00e4ten Abend gelten andere Bedingungen als tags\u00fcber. Das \u00f6ffentliche Angebot wird d\u00fcnner, die Wartezeiten werden l\u00e4nger, und spontane L\u00f6sungen sind schwerer zu finden. Genau deshalb macht eine Fahrt, die rund um die Uhr verf\u00fcgbar ist, den Unterschied.<\/p>\n\n\n\n<p class=\"wp-block-paragraph\">Ein Dienst, der zu jeder Tageszeit und jederzeit in der Nacht erreichbar ist, deckt sowohl den fr\u00fchen Flug am Morgen als auch die sp\u00e4te Heimfahrt nach einem Event ab. Diese Verl\u00e4sslichkeit l\u00e4sst einen sp\u00e4ten Abend in Luzern angenehm ausklingen, ganz gleich, wie der Tag verlaufen ist.<\/p>\n\n\n\n<h2 class=\"wp-block-heading\">Ihre Fahrt f\u00fcr sp\u00e4te Stunden in Luzern<\/h2>\n\n\n\n<p class=\"wp-block-paragraph\">Brauchen Sie sp\u00e4t am Abend eine zuverl\u00e4ssige Fahrt in Luzern? Luzerner Taxi ist Tag und Nacht f\u00fcr Sie da, ob nach dem Abendessen, nach einem Event oder bei der Ankunft am Bahnhof. <a href=\"https:\/\/luzerner-taxi.ch\/contact\">Buchen Sie Ihre Fahrt online<\/a>, \u00fcber die App oder telefonisch unter +41 41 558 89 89 und kommen Sie ohne Stress nach Hause.<\/p>","protected":false},"excerpt":{"rendered":"<p>Sp\u00e4t am Abend ver\u00e4ndert sich die Frage nach dem passenden Transport in Luzern sp\u00fcrbar. Die Restaurants leeren sich, ein Konzert geht zu Ende oder der letzte Zug erreicht den Bahnhof mit Versp\u00e4tung. In diesen Momenten z\u00e4hlt vor allem eines, n\u00e4mlich schnell und sicher nach Hause oder ins Hotel zu kommen. Dieser Beitrag geht die typischen [&hellip;]<\/p>\n","protected":false},"author":3,"featured_media":964,"comment_status":"open","ping_status":"open","sticky":false,"template":"","format":"standard","meta":{"_acf_changed":false,"_yoast_wpseo_title":"Transport Luzern am sp\u00e4ten Abend: So kommen Sie heim","_yoast_wpseo_metadesc":"Transport Luzern sp\u00e4t am Abend n\u00f6tig? So planen Sie die Heimfahrt nach Essen, Event oder versp\u00e4tetem Zug und kommen zuverl\u00e4ssig ans Ziel.","rank_math_title":"","rank_math_description":"","footnotes":""},"categories":[1],"tags":[],"language":[3],"class_list":["post-963","post","type-post","status-publish","format-standard","has-post-thumbnail","hentry","category-uncategorized","language-de"],"acf":[],"yoast_head":"<!-- This site is optimized with the Yoast SEO plugin v26.3 - https:\/\/yoast.com\/wordpress\/plugins\/seo\/ -->\n<title>Transport Luzern am sp\u00e4ten Abend: So kommen Sie heim<\/title>\n<meta name=\"description\" content=\"Transport Luzern sp\u00e4t am Abend n\u00f6tig? So planen Sie die Heimfahrt nach Essen, Event oder versp\u00e4tetem Zug und kommen zuverl\u00e4ssig ans Ziel.\" \/>\n<meta name=\"robots\" content=\"noindex, follow, max-snippet:-1, max-image-preview:large, max-video-preview:-1\" \/>\n<meta property=\"og:locale\" content=\"en_US\" \/>\n<meta property=\"og:type\" content=\"article\" \/>\n<meta property=\"og:title\" content=\"Transport Luzern am sp\u00e4ten Abend: So kommen Sie heim\" \/>\n<meta property=\"og:description\" content=\"Transport Luzern sp\u00e4t am Abend n\u00f6tig? So planen Sie die Heimfahrt nach Essen, Event oder versp\u00e4tetem Zug und kommen zuverl\u00e4ssig ans Ziel.\" \/>\n<meta property=\"og:url\" content=\"https:\/\/wordpress.luzerner-taxi.ch\/en\/transport-luzern-spaet-am-abend\/\" \/>\n<meta property=\"og:site_name\" content=\"Luzerner Transporte\" \/>\n<meta property=\"article:published_time\" content=\"2026-06-25T02:52:00+00:00\" \/>\n<meta property=\"article:modified_time\" content=\"2026-06-25T11:09:10+00:00\" \/>\n<meta property=\"og:image\" content=\"https:\/\/wordpress.luzerner-taxi.ch\/wp-content\/uploads\/2026\/05\/Transport-Luzern.jpeg\" \/>\n\t<meta property=\"og:image:width\" content=\"2048\" \/>\n\t<meta property=\"og:image:height\" content=\"1536\" \/>\n\t<meta property=\"og:image:type\" content=\"image\/jpeg\" \/>\n<meta name=\"author\" content=\"Anna Weber\" \/>\n<meta name=\"twitter:card\" content=\"summary_large_image\" \/>\n<meta name=\"twitter:label1\" content=\"Written by\" \/>\n\t<meta name=\"twitter:data1\" content=\"Anna Weber\" \/>\n\t<meta name=\"twitter:label2\" content=\"Est. reading time\" \/>\n\t<meta name=\"twitter:data2\" content=\"4 minutes\" \/>\n<script type=\"application\/ld+json\" class=\"yoast-schema-graph\">{\"@context\":\"https:\/\/schema.org\",\"@graph\":[{\"@type\":\"WebPage\",\"@id\":\"https:\/\/wordpress.luzerner-taxi.ch\/transport-luzern-spaet-am-abend\/\",\"url\":\"https:\/\/wordpress.luzerner-taxi.ch\/transport-luzern-spaet-am-abend\/\",\"name\":\"Transport Luzern am sp\u00e4ten Abend: So kommen Sie heim\",\"isPartOf\":{\"@id\":\"https:\/\/wordpress.luzerner-taxi.ch\/#website\"},\"primaryImageOfPage\":{\"@id\":\"https:\/\/wordpress.luzerner-taxi.ch\/transport-luzern-spaet-am-abend\/#primaryimage\"},\"image\":{\"@id\":\"https:\/\/wordpress.luzerner-taxi.ch\/transport-luzern-spaet-am-abend\/#primaryimage\"},\"thumbnailUrl\":\"https:\/\/wordpress.luzerner-taxi.ch\/wp-content\/uploads\/2026\/05\/Transport-Luzern.jpeg\",\"datePublished\":\"2026-06-25T02:52:00+00:00\",\"dateModified\":\"2026-06-25T11:09:10+00:00\",\"author\":{\"@id\":\"https:\/\/wordpress.luzerner-taxi.ch\/#\/schema\/person\/450a9ae4f7bcd50e046ec943a017d180\"},\"description\":\"Transport Luzern sp\u00e4t am Abend n\u00f6tig? So planen Sie die Heimfahrt nach Essen, Event oder versp\u00e4tetem Zug und kommen zuverl\u00e4ssig ans Ziel.\",\"breadcrumb\":{\"@id\":\"https:\/\/wordpress.luzerner-taxi.ch\/transport-luzern-spaet-am-abend\/#breadcrumb\"},\"inLanguage\":\"en-US\",\"potentialAction\":[{\"@type\":\"ReadAction\",\"target\":[\"https:\/\/wordpress.luzerner-taxi.ch\/transport-luzern-spaet-am-abend\/\"]}]},{\"@type\":\"ImageObject\",\"inLanguage\":\"en-US\",\"@id\":\"https:\/\/wordpress.luzerner-taxi.ch\/transport-luzern-spaet-am-abend\/#primaryimage\",\"url\":\"https:\/\/wordpress.luzerner-taxi.ch\/wp-content\/uploads\/2026\/05\/Transport-Luzern.jpeg\",\"contentUrl\":\"https:\/\/wordpress.luzerner-taxi.ch\/wp-content\/uploads\/2026\/05\/Transport-Luzern.jpeg\",\"width\":2048,\"height\":1536},{\"@type\":\"BreadcrumbList\",\"@id\":\"https:\/\/wordpress.luzerner-taxi.ch\/transport-luzern-spaet-am-abend\/#breadcrumb\",\"itemListElement\":[{\"@type\":\"ListItem\",\"position\":1,\"name\":\"Home\",\"item\":\"https:\/\/wordpress.luzerner-taxi.ch\/\"},{\"@type\":\"ListItem\",\"position\":2,\"name\":\"Transport Luzern sp\u00e4t am Abend: Heimfahrt nach Essen, Event oder versp\u00e4tetem Zug\"}]},{\"@type\":\"WebSite\",\"@id\":\"https:\/\/wordpress.luzerner-taxi.ch\/#website\",\"url\":\"https:\/\/wordpress.luzerner-taxi.ch\/\",\"name\":\"Luzerner Transporte\",\"description\":\"\",\"potentialAction\":[{\"@type\":\"SearchAction\",\"target\":{\"@type\":\"EntryPoint\",\"urlTemplate\":\"https:\/\/wordpress.luzerner-taxi.ch\/?s={search_term_string}\"},\"query-input\":{\"@type\":\"PropertyValueSpecification\",\"valueRequired\":true,\"valueName\":\"search_term_string\"}}],\"inLanguage\":\"en-US\"},{\"@type\":\"Person\",\"@id\":\"https:\/\/wordpress.luzerner-taxi.ch\/#\/schema\/person\/450a9ae4f7bcd50e046ec943a017d180\",\"name\":\"Anna Weber\",\"image\":{\"@type\":\"ImageObject\",\"inLanguage\":\"en-US\",\"@id\":\"https:\/\/wordpress.luzerner-taxi.ch\/#\/schema\/person\/image\/\",\"url\":\"https:\/\/secure.gravatar.com\/avatar\/4e811f5a3ad36903a9ea3b16489592a6cb271ff5eb1e68861e39aed53e66f36d?s=96&d=mm&r=g\",\"contentUrl\":\"https:\/\/secure.gravatar.com\/avatar\/4e811f5a3ad36903a9ea3b16489592a6cb271ff5eb1e68861e39aed53e66f36d?s=96&d=mm&r=g\",\"caption\":\"Anna Weber\"},\"url\":\"https:\/\/wordpress.luzerner-taxi.ch\/en\/author\/anna-weber\/\"}]}<\/script>\n<!-- \/ Yoast SEO plugin. -->","yoast_head_json":{"title":"Transport Luzern am sp\u00e4ten Abend: So kommen Sie heim","description":"Transport Luzern sp\u00e4t am Abend n\u00f6tig? So planen Sie die Heimfahrt nach Essen, Event oder versp\u00e4tetem Zug und kommen zuverl\u00e4ssig ans Ziel.","robots":{"index":"noindex","follow":"follow","max-snippet":"max-snippet:-1","max-image-preview":"max-image-preview:large","max-video-preview":"max-video-preview:-1"},"og_locale":"en_US","og_type":"article","og_title":"Transport Luzern am sp\u00e4ten Abend: So kommen Sie heim","og_description":"Transport Luzern sp\u00e4t am Abend n\u00f6tig? So planen Sie die Heimfahrt nach Essen, Event oder versp\u00e4tetem Zug und kommen zuverl\u00e4ssig ans Ziel.","og_url":"https:\/\/wordpress.luzerner-taxi.ch\/en\/transport-luzern-spaet-am-abend\/","og_site_name":"Luzerner Transporte","article_published_time":"2026-06-25T02:52:00+00:00","article_modified_time":"2026-06-25T11:09:10+00:00","og_image":[{"width":2048,"height":1536,"url":"https:\/\/wordpress.luzerner-taxi.ch\/wp-content\/uploads\/2026\/05\/Transport-Luzern.jpeg","type":"image\/jpeg"}],"author":"Anna Weber","twitter_card":"summary_large_image","twitter_misc":{"Written by":"Anna Weber","Est. reading time":"4 minutes"},"schema":{"@context":"https:\/\/schema.org","@graph":[{"@type":"WebPage","@id":"https:\/\/wordpress.luzerner-taxi.ch\/transport-luzern-spaet-am-abend\/","url":"https:\/\/wordpress.luzerner-taxi.ch\/transport-luzern-spaet-am-abend\/","name":"Transport Luzern am sp\u00e4ten Abend: So kommen Sie heim","isPartOf":{"@id":"https:\/\/wordpress.luzerner-taxi.ch\/#website"},"primaryImageOfPage":{"@id":"https:\/\/wordpress.luzerner-taxi.ch\/transport-luzern-spaet-am-abend\/#primaryimage"},"image":{"@id":"https:\/\/wordpress.luzerner-taxi.ch\/transport-luzern-spaet-am-abend\/#primaryimage"},"thumbnailUrl":"https:\/\/wordpress.luzerner-taxi.ch\/wp-content\/uploads\/2026\/05\/Transport-Luzern.jpeg","datePublished":"2026-06-25T02:52:00+00:00","dateModified":"2026-06-25T11:09:10+00:00","author":{"@id":"https:\/\/wordpress.luzerner-taxi.ch\/#\/schema\/person\/450a9ae4f7bcd50e046ec943a017d180"},"description":"Transport Luzern sp\u00e4t am Abend n\u00f6tig? So planen Sie die Heimfahrt nach Essen, Event oder versp\u00e4tetem Zug und kommen zuverl\u00e4ssig ans Ziel.","breadcrumb":{"@id":"https:\/\/wordpress.luzerner-taxi.ch\/transport-luzern-spaet-am-abend\/#breadcrumb"},"inLanguage":"en-US","potentialAction":[{"@type":"ReadAction","target":["https:\/\/wordpress.luzerner-taxi.ch\/transport-luzern-spaet-am-abend\/"]}]},{"@type":"ImageObject","inLanguage":"en-US","@id":"https:\/\/wordpress.luzerner-taxi.ch\/transport-luzern-spaet-am-abend\/#primaryimage","url":"https:\/\/wordpress.luzerner-taxi.ch\/wp-content\/uploads\/2026\/05\/Transport-Luzern.jpeg","contentUrl":"https:\/\/wordpress.luzerner-taxi.ch\/wp-content\/uploads\/2026\/05\/Transport-Luzern.jpeg","width":2048,"height":1536},{"@type":"BreadcrumbList","@id":"https:\/\/wordpress.luzerner-taxi.ch\/transport-luzern-spaet-am-abend\/#breadcrumb","itemListElement":[{"@type":"ListItem","position":1,"name":"Home","item":"https:\/\/wordpress.luzerner-taxi.ch\/"},{"@type":"ListItem","position":2,"name":"Transport Luzern sp\u00e4t am Abend: Heimfahrt nach Essen, Event oder versp\u00e4tetem Zug"}]},{"@type":"WebSite","@id":"https:\/\/wordpress.luzerner-taxi.ch\/#website","url":"https:\/\/wordpress.luzerner-taxi.ch\/","name":"Luzerner Transporte","description":"","potentialAction":[{"@type":"SearchAction","target":{"@type":"EntryPoint","urlTemplate":"https:\/\/wordpress.luzerner-taxi.ch\/?s={search_term_string}"},"query-input":{"@type":"PropertyValueSpecification","valueRequired":true,"valueName":"search_term_string"}}],"inLanguage":"en-US"},{"@type":"Person","@id":"https:\/\/wordpress.luzerner-taxi.ch\/#\/schema\/person\/450a9ae4f7bcd50e046ec943a017d180","name":"Anna Weber","image":{"@type":"ImageObject","inLanguage":"en-US","@id":"https:\/\/wordpress.luzerner-taxi.ch\/#\/schema\/person\/image\/","url":"https:\/\/secure.gravatar.com\/avatar\/4e811f5a3ad36903a9ea3b16489592a6cb271ff5eb1e68861e39aed53e66f36d?s=96&d=mm&r=g","contentUrl":"https:\/\/secure.gravatar.com\/avatar\/4e811f5a3ad36903a9ea3b16489592a6cb271ff5eb1e68861e39aed53e66f36d?s=96&d=mm&r=g","caption":"Anna Weber"},"url":"https:\/\/wordpress.luzerner-taxi.ch\/en\/author\/anna-weber\/"}]}},"_links":{"self":[{"href":"https:\/\/wordpress.luzerner-taxi.ch\/en\/wp-json\/wp\/v2\/posts\/963","targetHints":{"allow":["GET"]}}],"collection":[{"href":"https:\/\/wordpress.luzerner-taxi.ch\/en\/wp-json\/wp\/v2\/posts"}],"about":[{"href":"https:\/\/wordpress.luzerner-taxi.ch\/en\/wp-json\/wp\/v2\/types\/post"}],"author":[{"embeddable":true,"href":"https:\/\/wordpress.luzerner-taxi.ch\/en\/wp-json\/wp\/v2\/users\/3"}],"replies":[{"embeddable":true,"href":"https:\/\/wordpress.luzerner-taxi.ch\/en\/wp-json\/wp\/v2\/comments?post=963"}],"version-history":[{"count":1,"href":"https:\/\/wordpress.luzerner-taxi.ch\/en\/wp-json\/wp\/v2\/posts\/963\/revisions"}],"predecessor-version":[{"id":965,"href":"https:\/\/wordpress.luzerner-taxi.ch\/en\/wp-json\/wp\/v2\/posts\/963\/revisions\/965"}],"wp:featuredmedia":[{"embeddable":true,"href":"https:\/\/wordpress.luzerner-taxi.ch\/en\/wp-json\/wp\/v2\/media\/964"}],"wp:attachment":[{"href":"https:\/\/wordpress.luzerner-taxi.ch\/en\/wp-json\/wp\/v2\/media?parent=963"}],"wp:term":[{"taxonomy":"category","embeddable":true,"href":"https:\/\/wordpress.luzerner-taxi.ch\/en\/wp-json\/wp\/v2\/categories?post=963"},{"taxonomy":"post_tag","embeddable":true,"href":"https:\/\/wordpress.luzerner-taxi.ch\/en\/wp-json\/wp\/v2\/tags?post=963"},{"taxonomy":"language","embeddable":true,"href":"https:\/\/wordpress.luzerner-taxi.ch\/en\/wp-json\/wp\/v2\/language?post=963"}],"curies":[{"name":"wp","href":"https:\/\/api.w.org\/{rel}","templated":true}]}}